{"id":9393,"date":"2017-12-29T12:08:24","date_gmt":"2017-12-29T10:08:24","guid":{"rendered":"https:\/\/www.chovi.com\/?p=9393\/"},"modified":"2021-04-27T16:31:19","modified_gmt":"2021-04-27T16:31:19","slug":"tres-bandes-chovi","status":"publish","type":"post","link":"https:\/\/www.chovi.com\/en\/blog\/noticias\/tres-bandes-chovi\/","title":{"rendered":"A TRES BANDES CON CHOV\u00cd"},"content":{"rendered":"<h2>Europa FM apuesta por la m\u00fasica valenciana en horario matinal.<\/h2>\n<p><strong>Europa FM Valencia pone en marcha el pr\u00f3ximo 22 de enero la primera edici\u00f3n del proyecto A TRES BANDES<\/strong>. La cadena musical l\u00edder en Valencia quiere dar voz a\u00a0nuevos grupos de origen valenciano, formaciones, que con buenas canciones y cuidados directos, tratan de despegar.<\/p>\n<p>A TRES BANDES quiere reunir cada a\u00f1o a varias formaciones de m\u00fasica independiente. La Rambleta acoger\u00e1 una matinal, que contar\u00e1 con la colaboraci\u00f3n de marcas valencianas que comparten con EUROPA FM Valencia el amor por la buena m\u00fasica hecha aqu\u00ed. <strong><a href=\"https:\/\/www.chovi.com\/en\/\">Chovi<\/a> , \u00a0Dacsa, Caixa Popular y Alba Horneados forman ya parte de esta nueva apuesta<\/strong>.<\/p>\n<p>Para esta primer edici\u00f3n de A TRES BANDES<strong> contamos con Sienna, Morondo y L\u2019emperador<\/strong>.\u00a0 El cantautor valenciano Sienna defender\u00e1 los temas entre el pop y el indie de su \u201cTr\u00e1gico y fugaz\u201d\u201d. Juventud y frescura que nace con una voz diferente, que se convierte en su sello de identidad.<\/p>\n<p>La cita contar\u00e1 tambi\u00e9n con L\u2019Emperador. Tocar\u00e1 temas de su \u00faltimo disco <strong>\u201cManual d\u2019instruccions per escalar una muntanya\u201d<\/strong>, que tan buena acogida ha tenido en festivales como Deleste y Trovam. Buena ocasi\u00f3n para disfrutar de su peculiar atm\u00f3sfera de densidad sonora con melod\u00edas basadas en historias cotidianas.<\/p>\n<p>La voz aut\u00e9ntica de Morondo completar\u00e1 la matinal. Repasar\u00e1 algunos de los temas de \u2018El fin de un continente\u2019. Rock, con influencias\u00a0 folk, country o pop y letras comprometidas.<\/p>\n<p><strong>Sesi\u00f3n para todos p\u00fablicos, creada especialmente para los amantes de la buena m\u00fasica<\/strong>. \u00a0Cita a las 12 horas del d\u00eda 22 de enero en La Rambleta. Se acceder\u00e1 con invitaci\u00f3n. En enero comunicaremos c\u00f3mo\u00a0conseguirla.<\/p>\n<p>&nbsp;<\/p>\n<p>&nbsp;<\/p>","protected":false},"excerpt":{"rendered":"<p>Europa FM apuesta por la m\u00fasica valenciana en horario matinal. Europa FM Valencia pone en marcha el pr\u00f3ximo 22 de enero la primera edici\u00f3n del proyecto A TRES BANDES. La cadena musical l\u00edder en Valencia quiere dar voz a\u00a0nuevos grupos de origen valenciano, formaciones, que con buenas canciones y cuidados directos, tratan de despegar. A [&hellip;]<\/p>\n","protected":false},"author":18,"featured_media":9394,"comment_status":"open","ping_status":"open","sticky":false,"template":"","format":"standard","meta":{"_acf_changed":false,"footnotes":""},"categories":[165],"tags":[],"class_list":["post-9393","post","type-post","status-publish","format-standard","has-post-thumbnail","hentry","category-noticias"],"acf":[],"_links":{"self":[{"href":"https:\/\/www.chovi.com\/en\/wp-json\/wp\/v2\/posts\/9393","targetHints":{"allow":["GET"]}}],"collection":[{"href":"https:\/\/www.chovi.com\/en\/wp-json\/wp\/v2\/posts"}],"about":[{"href":"https:\/\/www.chovi.com\/en\/wp-json\/wp\/v2\/types\/post"}],"author":[{"embeddable":true,"href":"https:\/\/www.chovi.com\/en\/wp-json\/wp\/v2\/users\/18"}],"replies":[{"embeddable":true,"href":"https:\/\/www.chovi.com\/en\/wp-json\/wp\/v2\/comments?post=9393"}],"version-history":[{"count":0,"href":"https:\/\/www.chovi.com\/en\/wp-json\/wp\/v2\/posts\/9393\/revisions"}],"wp:featuredmedia":[{"embeddable":true,"href":"https:\/\/www.chovi.com\/en\/wp-json\/wp\/v2\/media\/9394"}],"wp:attachment":[{"href":"https:\/\/www.chovi.com\/en\/wp-json\/wp\/v2\/media?parent=9393"}],"wp:term":[{"taxonomy":"category","embeddable":true,"href":"https:\/\/www.chovi.com\/en\/wp-json\/wp\/v2\/categories?post=9393"},{"taxonomy":"post_tag","embeddable":true,"href":"https:\/\/www.chovi.com\/en\/wp-json\/wp\/v2\/tags?post=9393"}],"curies":[{"name":"wp","href":"https:\/\/api.w.org\/{rel}","templated":true}]}}