{"id":598,"date":"2015-06-22T16:24:29","date_gmt":"2015-06-22T14:24:29","guid":{"rendered":"https:\/\/www.chovi.com\/?p=598"},"modified":"2021-04-27T16:31:21","modified_gmt":"2021-04-27T16:31:21","slug":"chovi-participa-en-la-marcha-solidaria-contra-el-cancer","status":"publish","type":"post","link":"https:\/\/www.chovi.com\/en\/blog\/noticias\/chovi-participa-en-la-marcha-solidaria-contra-el-cancer\/","title":{"rendered":"Chov\u00ed participa en la Marcha Solidaria contra el c\u00e1ncer"},"content":{"rendered":"<p class=\"p1\"><span class=\"s1\">Una vez m\u00e1s <a href=\"https:\/\/www.chovi.com\/en\/\">Chov\u00ed<\/a> estuvo presente en la Marxa Solidaria contra el c\u00e1ncer que se celebr\u00f3, como todos los a\u00f1os, en Benifai\u00f3, el pasado 18 de abril, colaborando desde el primer momento con esta noble causa.<\/span><\/p>\n<p class=\"p1\"><span class=\"s1\">En esta concentraci\u00f3n pudimos compartir con m\u00e1s de 500 vecinos un recorrido urbano de 3 km. de distancia, que finaliz\u00f3 en la Plaza Mayor dando lugar a un espect\u00e1culo de baile deportivo.<\/span><\/p>\n<p class=\"p1\"><span class=\"s1\">Con esta marcha solidaria se recaudaron fondos que servir\u00e1n de ayuda para la lucha contra el c\u00e1ncer. Una vez m\u00e1s se pone de manifiesto la entrega de Benifai\u00f3 en esta causa.<\/span><\/p>\n<p class=\"p1\"><span class=\"s1\">Desde Chov\u00ed aportamos nuestro granito de arena promocionando la citada marcha y contribuyendo con la entrega de unas camisetas, pero sobre todo, participando activamente con muchos de los miembros de la familia Chov\u00ed.<\/span><\/p>\n<p class=\"p1\"><span class=\"s1\">El a\u00f1o que viene esperamos repetir y que, por lo menos, veamos el mismo entusiasmo demostrado por todo el mundo en este d\u00eda tan especial.<\/span><\/p>","protected":false},"excerpt":{"rendered":"<p>Una vez m\u00e1s Chov\u00ed estuvo presente en la Marxa Solidaria contra el c\u00e1ncer que se celebr\u00f3, como todos los a\u00f1os, en Benifai\u00f3, el pasado 18 de abril, colaborando desde el primer momento con esta noble causa. En esta concentraci\u00f3n pudimos compartir con m\u00e1s de 500 vecinos un recorrido urbano de 3 km. de distancia, que [&hellip;]<\/p>\n","protected":false},"author":18,"featured_media":3590,"comment_status":"open","ping_status":"open","sticky":false,"template":"","format":"standard","meta":{"_acf_changed":false,"footnotes":""},"categories":[165],"tags":[],"class_list":["post-598","post","type-post","status-publish","format-standard","has-post-thumbnail","hentry","category-noticias"],"acf":[],"_links":{"self":[{"href":"https:\/\/www.chovi.com\/en\/wp-json\/wp\/v2\/posts\/598","targetHints":{"allow":["GET"]}}],"collection":[{"href":"https:\/\/www.chovi.com\/en\/wp-json\/wp\/v2\/posts"}],"about":[{"href":"https:\/\/www.chovi.com\/en\/wp-json\/wp\/v2\/types\/post"}],"author":[{"embeddable":true,"href":"https:\/\/www.chovi.com\/en\/wp-json\/wp\/v2\/users\/18"}],"replies":[{"embeddable":true,"href":"https:\/\/www.chovi.com\/en\/wp-json\/wp\/v2\/comments?post=598"}],"version-history":[{"count":0,"href":"https:\/\/www.chovi.com\/en\/wp-json\/wp\/v2\/posts\/598\/revisions"}],"wp:featuredmedia":[{"embeddable":true,"href":"https:\/\/www.chovi.com\/en\/wp-json\/wp\/v2\/media\/3590"}],"wp:attachment":[{"href":"https:\/\/www.chovi.com\/en\/wp-json\/wp\/v2\/media?parent=598"}],"wp:term":[{"taxonomy":"category","embeddable":true,"href":"https:\/\/www.chovi.com\/en\/wp-json\/wp\/v2\/categories?post=598"},{"taxonomy":"post_tag","embeddable":true,"href":"https:\/\/www.chovi.com\/en\/wp-json\/wp\/v2\/tags?post=598"}],"curies":[{"name":"wp","href":"https:\/\/api.w.org\/{rel}","templated":true}]}}